{"id":2715,"date":"2015-10-15T10:17:07","date_gmt":"2015-10-15T09:17:07","guid":{"rendered":"http:\/\/sakana.eus\/ca\/zamartze-monasterio\/"},"modified":"2018-05-22T10:05:19","modified_gmt":"2018-05-22T08:05:19","slug":"zamartze-monasterio-3","status":"publish","type":"post","link":"https:\/\/www.sakana.eus\/ca\/zamartze-monasterio-3\/","title":{"rendered":"Zamartze"},"content":{"rendered":"<p><div class=\"fusion-fullwidth fullwidth-box nonhundred-percent-fullwidth non-hundred-percent-height-scrolling\"  style='background-color: rgba(255,255,255,0);background-position: left top;background-repeat: no-repeat;padding-top:20px;padding-bottom:20px;border-top-width:0px;border-bottom-width:0px;border-color:#eae9e9;border-top-style:solid;border-bottom-style:solid;'><div class=\"fusion-builder-row fusion-row \"><div  class=\"fusion-layout-column fusion_builder_column fusion_builder_column_1_1  fusion-one-full fusion-column-first fusion-column-last fusion-column-no-min-height 1_1\"  style='margin-top:0px;margin-bottom:0px;'>\n\t\t\t\t\t<div class=\"fusion-column-wrapper\" style=\"padding: 0px 0px 0px 0px;background-position:left top;background-repeat:no-repeat;-webkit-background-size:cover;-moz-background-size:cover;-o-background-size:cover;background-size:cover;\"  data-bg-url=\"\">\n\t\t\t\t\t\t<div class=\"fusion-text\"><p>Monestir de Zamartze<\/p>\n<p>Poble: Uharte Arakil<br \/>\nHorari de visita: 12: 00\/14: 00 Fora d&#8217;horari concertar cita per tel\u00e8fon.<br \/>\nTel\u00e8fon: 618574632 \/\/ 948464316<br \/>\nCorreu electr\u00f2nic: formulari en web<br \/>\nWeb: www.zamartze.info<\/p>\n<p>L&#8217;esgl\u00e9sia de Santa Maria de Zamartze, al terme municipal d&#8217;Uharte Arakil, \u00e9s una construcci\u00f3 caracter\u00edstica del rom\u00e0nic<br \/>\nrural navarr\u00e8s aixecada cap a l&#8217;any 1140 i declarada monument hist\u00f2ric art\u00edstic. Durant les \u00faltimes excavacions s&#8217;han<br \/>\ntrobat les restes de l&#8217;antiga mansio romana de Aracaeli i tombes medievals de pelegrins, per la qual cosa es dedueix, que<br \/>\ntant Zamartze com Santiago de Itxasperri es trobaven en el tra\u00e7at de la cal\u00e7ada Astorga-Bordeus que posteriorment es va<br \/>\nconvertir en el primer cam\u00ed de Sant Jaume. Avui en dia, Zamartze \u00e9s una casa de retir espiritual i es pot visitar el petit<br \/>\nmuseu que cont\u00e9 restes allados en les excavacions realitzades durant els anys 2010-2015.<\/p>\n<\/div><div class=\"fusion-clearfix\"><\/div>\n\n\t\t\t\t\t<\/div>\n\t\t\t\t<\/div><\/div><\/div><div class=\"fusion-fullwidth fullwidth-box nonhundred-percent-fullwidth non-hundred-percent-height-scrolling\"  style='background-color: rgba(255,255,255,0);background-position: left top;background-repeat: no-repeat;padding-top:20px;padding-bottom:20px;border-top-width:0px;border-bottom-width:0px;border-color:#eae9e9;border-top-style:solid;border-bottom-style:solid;'><div class=\"fusion-builder-row fusion-row \"><div  class=\"fusion-layout-column fusion_builder_column fusion_builder_column_1_3  fusion-one-third fusion-column-first 1_3\"  style='margin-top:0px;margin-bottom:20px;width:30.6666%; margin-right: 4%;'>\n\t\t\t\t\t<div class=\"fusion-column-wrapper\" style=\"padding: 0px 0px 0px 0px;background-position:left top;background-repeat:no-repeat;-webkit-background-size:cover;-moz-background-size:cover;-o-background-size:cover;background-size:cover;\"  data-bg-url=\"\">\n\t\t\t\t\t\t<style type='text\/css'>.reading-box-container-1 .element-bottomshadow:before,.reading-box-container-1 .element-bottomshadow:after{opacity:0.7;}<\/style><div class=\"fusion-reading-box-container reading-box-container-1\" style=\"margin-top:0px;margin-bottom:84px;\"><div class=\"reading-box\" style=\"background-color:#f6f6f6;border-width:1px;border-color:#f6f6f6;border-top-width:3px;border-top-color:#a0ce4e;border-style:solid;\"><h2>Datos de inter\u00e9s<\/h2><div class=\"reading-box-additional fusion-reading-box-additional\">\n<div class=\"oSioSc\">\n<div id=\"tw-target\">\n<div id=\"tw-target-text-container\" class=\"tw-ta-container tw-nfl\">\n<pre id=\"tw-target-text\" class=\"tw-data-text tw-ta tw-text-small\" dir=\"ltr\" data-placeholder=\"Traducci\u00f3n\" data-fulltext=\"\"><span lang=\"ca\">Lloc de partida: Uharte Arakil\r\nDurada: 4 hores i 30 minuts\r\nDist\u00e0ncia: 17 km anada i tornada\r\nDesnivell: 762 m\r\nDificultat: Mitjana\r\nTipologia: ABALISAT GR -282\r\nInfo. Complement\u00e0ria: www.aralarkosanmigel.info\r\nCorreu electr\u00f2nic:\r\n\r\n\u00a0\u00a0\u00a0\u00a0info@aralarkosanmigel.info\r\n\u00a0\u00a0\u00a0\u00a0info@sanmigueldearalar.info<\/span><\/pre>\n<\/div>\n<\/div>\n<\/div>\n<\/div><div class=\"fusion-clearfix\"><\/div><\/div><\/div><div class=\"fusion-clearfix\"><\/div>\n\n\t\t\t\t\t<\/div>\n\t\t\t\t<\/div><div  class=\"fusion-layout-column fusion_builder_column fusion_builder_column_2_3  fusion-two-third fusion-column-last 2_3\"  style='margin-top:0px;margin-bottom:20px;width:65.3333%'>\n\t\t\t\t\t<div class=\"fusion-column-wrapper\" style=\"padding: 0px 0px 0px 0px;background-position:left top;background-repeat:no-repeat;-webkit-background-size:cover;-moz-background-size:cover;-o-background-size:cover;background-size:cover;\"  data-bg-url=\"\">\n\t\t\t\t\t\t<span class=\"fusion-imageframe imageframe-none imageframe-1 hover-type-none\"><img decoding=\"async\" loading=\"lazy\" src=\"http:\/\/sakana.eus\/wp-content\/uploads\/2015\/11\/zamartze-uharte-arakil-2-sakana-navarra-nafarroa-urbasa-aralar-urederra.jpg\" width=\"\" height=\"\" alt=\"\" title=\"\" class=\"img-responsive\"\/><\/span><div class=\"fusion-clearfix\"><\/div>\n\n\t\t\t\t\t<\/div>\n\t\t\t\t<\/div><\/div><\/div><div class=\"fusion-fullwidth fullwidth-box hundred-percent-fullwidth non-hundred-percent-height-scrolling\"  style='background-color: rgba(255,255,255,0);background-position: left top;background-repeat: no-repeat;padding-top:20px;padding-bottom:20px;border-top-width:0px;border-bottom-width:0px;border-color:#eae9e9;border-top-style:solid;border-bottom-style:solid;'><div class=\"fusion-builder-row fusion-row \"><div  class=\"fusion-layout-column fusion_builder_column fusion_builder_column_1_1  fusion-one-full fusion-column-first fusion-column-last 1_1\"  style='margin-top:0px;margin-bottom:20px;'>\n\t\t\t\t\t<div class=\"fusion-column-wrapper\" style=\"padding: 0px 0px 0px 0px;background-position:left top;background-repeat:no-repeat;-webkit-background-size:cover;-moz-background-size:cover;-o-background-size:cover;background-size:cover;\"  data-bg-url=\"\">\n\t\t\t\t\t\t<div class=\"fusion-sep-clear\"><\/div><div class=\"fusion-separator fusion-full-width-sep sep-single sep-dashed\" style=\"border-color:#76bf28;border-top-width:1px;margin-left: auto;margin-right: auto;margin-top:;\"><span class=\"icon-wrapper\" style=\"border-color:#76bf28;background-color:rgba(255,255,255,0);\"><i class=\" fa fa-arrow-circle-down\" style=\"color:#76bf28;\"><\/i><\/span><\/div><iframe src=\"https:\/\/www.google.com\/maps\/embed?pb=!1m18!1m12!1m3!1d2921.5832040354135!2d-1.964712434723825!3d42.92383050730413!2m3!1f0!2f0!3f0!3m2!1i1024!2i768!4f13.1!3m3!1m2!1s0xd505c9deac4a321%3A0x2b41793163c6aad8!2sZamartze%2C+31840%2C+Navarra!5e0!3m2!1ses!2ses!4v1526555324108\" width=\"100%\" height=\"450\" frameborder=\"0\" style=\"border:0\" allowfullscreen><\/iframe><div class=\"fusion-clearfix\"><\/div>\n\n\t\t\t\t\t<\/div>\n\t\t\t\t<\/div><\/div><\/div><\/p>\n","protected":false},"excerpt":{"rendered":"","protected":false},"author":3,"featured_media":12309,"comment_status":"closed","ping_status":"closed","sticky":false,"template":"","format":"standard","meta":{"_links_to":"","_links_to_target":""},"categories":[],"tags":[],"_links":{"self":[{"href":"https:\/\/www.sakana.eus\/ca\/wp-json\/wp\/v2\/posts\/2715"}],"collection":[{"href":"https:\/\/www.sakana.eus\/ca\/wp-json\/wp\/v2\/posts"}],"about":[{"href":"https:\/\/www.sakana.eus\/ca\/wp-json\/wp\/v2\/types\/post"}],"author":[{"embeddable":true,"href":"https:\/\/www.sakana.eus\/ca\/wp-json\/wp\/v2\/users\/3"}],"replies":[{"embeddable":true,"href":"https:\/\/www.sakana.eus\/ca\/wp-json\/wp\/v2\/comments?post=2715"}],"version-history":[{"count":16,"href":"https:\/\/www.sakana.eus\/ca\/wp-json\/wp\/v2\/posts\/2715\/revisions"}],"predecessor-version":[{"id":8440,"href":"https:\/\/www.sakana.eus\/ca\/wp-json\/wp\/v2\/posts\/2715\/revisions\/8440"}],"wp:featuredmedia":[{"embeddable":true,"href":"https:\/\/www.sakana.eus\/ca\/wp-json\/wp\/v2\/media\/12309"}],"wp:attachment":[{"href":"https:\/\/www.sakana.eus\/ca\/wp-json\/wp\/v2\/media?parent=2715"}],"wp:term":[{"taxonomy":"category","embeddable":true,"href":"https:\/\/www.sakana.eus\/ca\/wp-json\/wp\/v2\/categories?post=2715"},{"taxonomy":"post_tag","embeddable":true,"href":"https:\/\/www.sakana.eus\/ca\/wp-json\/wp\/v2\/tags?post=2715"}],"curies":[{"name":"wp","href":"https:\/\/api.w.org\/{rel}","templated":true}]}}